{"id":348,"date":"2017-04-03T17:19:52","date_gmt":"2017-04-03T16:19:52","guid":{"rendered":"http:\/\/centro.interamerican.hu\/?p=348"},"modified":"2017-04-03T17:19:52","modified_gmt":"2017-04-03T16:19:52","slug":"mexiko-helyzete-es-uj-kihivasai-donald-trump-megvalasztasa-utan-varga-koritar-pal-eloadasa","status":"publish","type":"post","link":"http:\/\/centro.interamerican.hu\/en\/mexiko-helyzete-es-uj-kihivasai-donald-trump-megvalasztasa-utan-varga-koritar-pal-eloadasa\/","title":{"rendered":"\u201cMexik\u00f3 helyzete \u00e9s \u00faj kih\u00edv\u00e1sai  Donald Trump megv\u00e1laszt\u00e1sa ut\u00e1n\u201d &#8211; Varga Korit\u00e1r P\u00e1l el\u0151ad\u00e1sa"},"content":{"rendered":"<p><center>Az SZTE BTK Hispanisztika Tansz\u00e9ke<br \/>\nmegh\u00edv\u00e1s\u00e1ra<\/p>\n<p>VARGA KORIT\u00c1R P\u00c1L<\/p>\n<p>Magyarorsz\u00e1g volt mexik\u00f3v\u00e1rosi \u00e9s Buenos Aires-i nagyk\u00f6vete el\u0151ad\u00e1st tart<\/p>\n<p>2017. \u00e1prilis 11-\u00e9n kedden 14.30-kor<\/p>\n<p>\u201cMexik\u00f3 helyzete \u00e9s \u00faj kih\u00edv\u00e1sai Donald Trump megv\u00e1laszt\u00e1sa ut\u00e1n\u201d<br \/>\nc\u00edmmel.<\/p>\n<p>Szeretettel v\u00e1rjuk az \u00e9rdekl\u0151d\u0151ket!<\/p>\n<p>Az el\u0151ad\u00e1s helye: Kari Konferenciaterem, Egyetem u. 2. fszt. balra<br \/>\nAz el\u0151ad\u00e1s nyelve magyar<\/center><\/p>\n","protected":false},"excerpt":{"rendered":"<p>Az SZTE BTK Hispanisztika Tansz\u00e9ke megh\u00edv\u00e1s\u00e1ra VARGA KORIT\u00c1R P\u00c1L Magyarorsz\u00e1g volt mexik\u00f3v\u00e1rosi \u00e9s Buenos Aires-i nagyk\u00f6vete el\u0151ad\u00e1st tart 2017. \u00e1prilis 11-\u00e9n kedden 14.30-kor \u201cMexik\u00f3 helyzete \u00e9s \u00faj kih\u00edv\u00e1sai Donald Trump megv\u00e1laszt\u00e1sa ut\u00e1n\u201d c\u00edmmel. Szeretettel v\u00e1rjuk az \u00e9rdekl\u0151d\u0151ket! Az el\u0151ad\u00e1s helye: Kari Konferenciaterem, Egyetem u. 2. fszt. balra Az el\u0151ad\u00e1s nyelve magyar<\/p>\n","protected":false},"author":1,"featured_media":0,"comment_status":"closed","ping_status":"closed","sticky":false,"template":"","format":"standard","meta":{"footnotes":""},"categories":[1],"tags":[],"class_list":["post-348","post","type-post","status-publish","format-standard","hentry","category-cfp"],"_links":{"self":[{"href":"http:\/\/centro.interamerican.hu\/en\/wp-json\/wp\/v2\/posts\/348","targetHints":{"allow":["GET"]}}],"collection":[{"href":"http:\/\/centro.interamerican.hu\/en\/wp-json\/wp\/v2\/posts"}],"about":[{"href":"http:\/\/centro.interamerican.hu\/en\/wp-json\/wp\/v2\/types\/post"}],"author":[{"embeddable":true,"href":"http:\/\/centro.interamerican.hu\/en\/wp-json\/wp\/v2\/users\/1"}],"replies":[{"embeddable":true,"href":"http:\/\/centro.interamerican.hu\/en\/wp-json\/wp\/v2\/comments?post=348"}],"version-history":[{"count":1,"href":"http:\/\/centro.interamerican.hu\/en\/wp-json\/wp\/v2\/posts\/348\/revisions"}],"predecessor-version":[{"id":349,"href":"http:\/\/centro.interamerican.hu\/en\/wp-json\/wp\/v2\/posts\/348\/revisions\/349"}],"wp:attachment":[{"href":"http:\/\/centro.interamerican.hu\/en\/wp-json\/wp\/v2\/media?parent=348"}],"wp:term":[{"taxonomy":"category","embeddable":true,"href":"http:\/\/centro.interamerican.hu\/en\/wp-json\/wp\/v2\/categories?post=348"},{"taxonomy":"post_tag","embeddable":true,"href":"http:\/\/centro.interamerican.hu\/en\/wp-json\/wp\/v2\/tags?post=348"}],"curies":[{"name":"wp","href":"https:\/\/api.w.org\/{rel}","templated":true}]}}