{"id":279,"date":"2016-09-19T17:42:05","date_gmt":"2016-09-19T16:42:05","guid":{"rendered":"http:\/\/centro.interamerican.hu\/?p=279"},"modified":"2016-09-19T17:42:05","modified_gmt":"2016-09-19T16:42:05","slug":"konyvbemutato","status":"publish","type":"post","link":"http:\/\/centro.interamerican.hu\/es\/konyvbemutato\/","title":{"rendered":"K\u00f6nyvbemutat\u00f3"},"content":{"rendered":"<p>M\u00cdTOSZ, VALL\u00c1S \u00c9S EGYH\u00c1Z LATIN-AMERIK\u00c1BAN: A Bogl\u00e1r Lajos eml\u00e9kkonferencia tanulm\u00e1nyk\u00f6tet\u00e9nek bemutat\u00f3ja. R\u00e9szletek a let\u00f6lthet\u0151 dokumentumban!<\/p>\n<ul>\n<li><a href=\"http:\/\/centro.interamerican.hu\/wp-content\/uploads\/2016\/09\/K\u00d6NYVBEMUTAT\u00d3_Bogl\u00e1r_PDF.pdf\">Megh\u00edv\u00f3<\/a><\/li>\n<\/ul>\n","protected":false},"excerpt":{"rendered":"<p>M\u00cdTOSZ, VALL\u00c1S \u00c9S EGYH\u00c1Z LATIN-AMERIK\u00c1BAN: A Bogl\u00e1r Lajos eml\u00e9kkonferencia tanulm\u00e1nyk\u00f6tet\u00e9nek bemutat\u00f3ja. R\u00e9szletek a let\u00f6lthet\u0151 dokumentumban! Megh\u00edv\u00f3<\/p>\n","protected":false},"author":1,"featured_media":0,"comment_status":"closed","ping_status":"closed","sticky":false,"template":"","format":"standard","meta":{"footnotes":""},"categories":[1],"tags":[],"class_list":["post-279","post","type-post","status-publish","format-standard","hentry","category-cfp"],"_links":{"self":[{"href":"http:\/\/centro.interamerican.hu\/es\/wp-json\/wp\/v2\/posts\/279","targetHints":{"allow":["GET"]}}],"collection":[{"href":"http:\/\/centro.interamerican.hu\/es\/wp-json\/wp\/v2\/posts"}],"about":[{"href":"http:\/\/centro.interamerican.hu\/es\/wp-json\/wp\/v2\/types\/post"}],"author":[{"embeddable":true,"href":"http:\/\/centro.interamerican.hu\/es\/wp-json\/wp\/v2\/users\/1"}],"replies":[{"embeddable":true,"href":"http:\/\/centro.interamerican.hu\/es\/wp-json\/wp\/v2\/comments?post=279"}],"version-history":[{"count":1,"href":"http:\/\/centro.interamerican.hu\/es\/wp-json\/wp\/v2\/posts\/279\/revisions"}],"predecessor-version":[{"id":281,"href":"http:\/\/centro.interamerican.hu\/es\/wp-json\/wp\/v2\/posts\/279\/revisions\/281"}],"wp:attachment":[{"href":"http:\/\/centro.interamerican.hu\/es\/wp-json\/wp\/v2\/media?parent=279"}],"wp:term":[{"taxonomy":"category","embeddable":true,"href":"http:\/\/centro.interamerican.hu\/es\/wp-json\/wp\/v2\/categories?post=279"},{"taxonomy":"post_tag","embeddable":true,"href":"http:\/\/centro.interamerican.hu\/es\/wp-json\/wp\/v2\/tags?post=279"}],"curies":[{"name":"wp","href":"https:\/\/api.w.org\/{rel}","templated":true}]}}