{"id":304,"date":"2016-10-16T11:43:29","date_gmt":"2016-10-16T10:43:29","guid":{"rendered":"http:\/\/centro.interamerican.hu\/?p=304"},"modified":"2016-10-16T11:43:29","modified_gmt":"2016-10-16T10:43:29","slug":"transnational-americas-homes-borders-and-transgressions-cfp","status":"publish","type":"post","link":"https:\/\/centro.interamerican.hu\/es\/transnational-americas-homes-borders-and-transgressions-cfp\/","title":{"rendered":"Am\u00e9ricas transnacionales: hogar(es), fronteras y transgresiones &#8211; CFP"},"content":{"rendered":"<p><strong>Organizador<\/strong><\/p>\n<p>Centro de Estudios Interamericanos, Facultad de Letras, Universidad de Szeged. P\u00e1gina web: <a href=\"http:\/\/centro.interamerican.hu\/en\/conferences\/2017-2\/cfp\/\">http:\/\/centro.interamerican.hu\/en\/conferences\/2017-2\/cfp\/<\/a><br \/>\nand <a href=\"http:\/\/centro.interamerican.hu\/es\/conferences\/2017-2\/cfp\/\">http:\/\/centro.interamerican.hu\/es\/conferences\/2017-2\/cfp\/<\/a><strong>\u00a0<\/strong><\/p>\n<p><strong>Lenguas de trabajo<\/strong><\/p>\n<p>Ingl\u00e9s y espa\u00f1ol<\/p>\n<p><strong>Convocatoria <\/strong><\/p>\n<p>Desde el principio, los conceptos de <em>frontera<\/em> y de <em>hogar<\/em> en las Am\u00e9ricas han estado en constante cambio, denotando a veces l\u00edmites ef\u00edmeros y emplazamientos provisionales. A lo largo de la historia, tanto la expansi\u00f3n de los EE. UU. hacia el oeste como las guerras de independencia en Centroam\u00e9rica y Am\u00e9rica del Sur relativizaron el concepto de <em>l\u00edneas divisorias<\/em> y <em>hogares<\/em> respectivamente. Con el tiempo, las fronteras geogr\u00e1ficas de los pa\u00edses del continente y las demarcaciones pol\u00edticamente simb\u00f3licas cobraron significados adicionales y, mientras que en algunos casos las fronteras demarcaban una separaci\u00f3n real entre estados, en otros indicaban solamente la herencia hist\u00f3rica de una regi\u00f3n dada. Adem\u00e1s, las fronteras geogr\u00e1ficas, pol\u00edticas, econ\u00f3micas y culturales separan y enlazan al mismo tiempo los pa\u00edses americanos; las tendencias de migraci\u00f3n transnacional de los siglos XX y XXI muestran que la b\u00fasqueda de hogar\u00a0 a\u00fan contin\u00faa con aquellos pueblos de las Am\u00e9ricas que buscan su hogar en el mismo continente, pero en pa\u00edses distintos. Sin embargo, los pueblos de las Am\u00e9ricas mantuvieron y mantienen un contacto estrecho entre s\u00ed; las naciones latinoamericanas y la sociedad de los EE. UU. y Canad\u00e1 est\u00e1n en interacci\u00f3n permanente al tener su pasado, su presente y su futuro entrelazados. Nuestro coloquio busca respuestas a diversas preguntas y tambi\u00e9n soluciones posibles a diferentes cuestiones relacionadas con los conceptos de <em>frontera<\/em> y de <em>hogar<\/em> a trav\u00e9s de un conjunto de disciplinas que incluye la historia, la literatura, el teatro, la filmograf\u00eda, la ling\u00fc\u00edstica, la historia cultural, la cultura digital y visual, la etnograf\u00eda, la antropolog\u00eda, el estudio de la migraci\u00f3n y de las minor\u00edas, etc. Entre estas \u00a0cuestiones se incluyen, entre otros, los aspectos siguientes: \u00bfQu\u00e9 es lo que designa el concepto de <em>hogar<\/em> en los diferentes pa\u00edses de las Am\u00e9ricas? \u00bfTodav\u00eda sigue siendo relevante hablar de <em>fronteras<\/em>? \u00bfO de <em>hogares<\/em> en un contexto americano? \u00bfO deber\u00edamos formular nuevos conceptos reconsiderando el asunto de las fronteras, l\u00edmites, demarcaciones y traves\u00edas? \u00bfY qu\u00e9 significa la <em>americanidad<\/em> en el contexto de hogares y fronteras? \u00bfQu\u00e9 significa hoy d\u00eda ser americano?<\/p>\n<p>El objetivo de nuestro coloquio titulado <strong>Am\u00e9ricas transnacionales: hogar(es), fronteras y transgresiones <\/strong>consiste en reunir a investigadores y docentes interesados en las diversas aproximaciones que integran los conceptos de <em>hogar<\/em> y <em>frontera<\/em> para hacer posible un extenso debate multidisciplinar acerca de este tema. Aspiramos a descubrir diferentes tipos de fronteras, incluyendo tanto la migraci\u00f3n entre lugares geogr\u00e1ficos como las zonas fronterizas entre identidades y vidas relacionadas con la noci\u00f3n de <em>hogar<\/em>, situadas en un contexto transnacional interamericano.<\/p>\n<p><strong>\u00a0<\/strong><\/p>\n<p><strong>Plazo de inscripci\u00f3n y de env\u00edo de propuestas<\/strong>:<\/p>\n<p><em>15 de marzo de 2017<\/em><\/p>\n<p>&nbsp;<\/p>\n<p>Info y p\u00e1gina web: <a href=\"http:\/\/centro.interamerican.hu\/en\/conferences\/2017-2\/cfp\/\">http:\/\/centro.interamerican.hu\/en\/conferences\/2017-2\/cfp\/<\/a><br \/>\ny\u00a0<a href=\"http:\/\/centro.interamerican.hu\/es\/conferences\/2017-2\/cfp\/\">http:\/\/centro.interamerican.hu\/es\/conferences\/2017-2\/cfp\/<\/a><strong>\u00a0<\/strong><\/p>\n<p>\u00a1Les esperamos en Szeged!<\/p>","protected":false},"excerpt":{"rendered":"<p>Organizador Centro de Estudios Interamericanos, Facultad de Letras, Universidad de Szeged. P\u00e1gina web: http:\/\/centro.interamerican.hu\/en\/conferences\/2017-2\/cfp\/ and http:\/\/centro.interamerican.hu\/es\/conferences\/2017-2\/cfp\/\u00a0 Lenguas de trabajo Ingl\u00e9s y espa\u00f1ol Convocatoria Desde el principio, los conceptos de frontera y de hogar en las Am\u00e9ricas han estado en constante cambio, denotando a veces l\u00edmites ef\u00edmeros y emplazamientos provisionales. A lo largo de la historia, [&hellip;]<\/p>\n","protected":false},"author":1,"featured_media":0,"comment_status":"closed","ping_status":"closed","sticky":false,"template":"","format":"standard","meta":{"footnotes":""},"categories":[1],"tags":[],"class_list":["post-304","post","type-post","status-publish","format-standard","hentry","category-cfp"],"_links":{"self":[{"href":"https:\/\/centro.interamerican.hu\/es\/wp-json\/wp\/v2\/posts\/304","targetHints":{"allow":["GET"]}}],"collection":[{"href":"https:\/\/centro.interamerican.hu\/es\/wp-json\/wp\/v2\/posts"}],"about":[{"href":"https:\/\/centro.interamerican.hu\/es\/wp-json\/wp\/v2\/types\/post"}],"author":[{"embeddable":true,"href":"https:\/\/centro.interamerican.hu\/es\/wp-json\/wp\/v2\/users\/1"}],"replies":[{"embeddable":true,"href":"https:\/\/centro.interamerican.hu\/es\/wp-json\/wp\/v2\/comments?post=304"}],"version-history":[{"count":2,"href":"https:\/\/centro.interamerican.hu\/es\/wp-json\/wp\/v2\/posts\/304\/revisions"}],"predecessor-version":[{"id":306,"href":"https:\/\/centro.interamerican.hu\/es\/wp-json\/wp\/v2\/posts\/304\/revisions\/306"}],"wp:attachment":[{"href":"https:\/\/centro.interamerican.hu\/es\/wp-json\/wp\/v2\/media?parent=304"}],"wp:term":[{"taxonomy":"category","embeddable":true,"href":"https:\/\/centro.interamerican.hu\/es\/wp-json\/wp\/v2\/categories?post=304"},{"taxonomy":"post_tag","embeddable":true,"href":"https:\/\/centro.interamerican.hu\/es\/wp-json\/wp\/v2\/tags?post=304"}],"curies":[{"name":"wp","href":"https:\/\/api.w.org\/{rel}","templated":true}]}}