{"id":458,"date":"2019-02-15T18:04:09","date_gmt":"2019-02-15T17:04:09","guid":{"rendered":"http:\/\/centro.interamerican.hu\/?p=458"},"modified":"2019-02-15T18:04:09","modified_gmt":"2019-02-15T17:04:09","slug":"sergio-pitol-exhibition","status":"publish","type":"post","link":"https:\/\/centro.interamerican.hu\/es\/sergio-pitol-exhibition\/","title":{"rendered":"Sergio Pitol invitaci\u00f3n"},"content":{"rendered":"<p>Sok szeretettel v\u00e1runk mindenkit febru\u00e1r 19-\u00e9n 17.00 \u00f3r\u00e1ra a TIK-be, ahol Sergio Pitol kort\u00e1rs mexik\u00f3i \u00edr\u00f3 \u00e9s diplomata \u00e9let\u00fatj\u00e1r\u00f3l ny\u00edlik ki\u00e1ll\u00edt\u00e1s. Tov\u00e1bbi inform\u00e1ci\u00f3 a programr\u00f3l <a href=\"http:\/\/centro.interamerican.hu\/wp-content\/uploads\/2019\/02\/Pitol-invitaci\u00f3n.pdf\">a let\u00f6lthet\u0151 megh\u00edv\u00f3ban<\/a>!<\/p>","protected":false},"excerpt":{"rendered":"<p>Sok szeretettel v\u00e1runk mindenkit febru\u00e1r 19-\u00e9n 17.00 \u00f3r\u00e1ra a TIK-be, ahol Sergio Pitol kort\u00e1rs mexik\u00f3i \u00edr\u00f3 \u00e9s diplomata \u00e9let\u00fatj\u00e1r\u00f3l ny\u00edlik ki\u00e1ll\u00edt\u00e1s. Tov\u00e1bbi inform\u00e1ci\u00f3 a programr\u00f3l a let\u00f6lthet\u0151 megh\u00edv\u00f3ban!<\/p>\n","protected":false},"author":1,"featured_media":0,"comment_status":"closed","ping_status":"closed","sticky":false,"template":"","format":"standard","meta":{"footnotes":""},"categories":[1],"tags":[],"class_list":["post-458","post","type-post","status-publish","format-standard","hentry","category-cfp"],"_links":{"self":[{"href":"https:\/\/centro.interamerican.hu\/es\/wp-json\/wp\/v2\/posts\/458","targetHints":{"allow":["GET"]}}],"collection":[{"href":"https:\/\/centro.interamerican.hu\/es\/wp-json\/wp\/v2\/posts"}],"about":[{"href":"https:\/\/centro.interamerican.hu\/es\/wp-json\/wp\/v2\/types\/post"}],"author":[{"embeddable":true,"href":"https:\/\/centro.interamerican.hu\/es\/wp-json\/wp\/v2\/users\/1"}],"replies":[{"embeddable":true,"href":"https:\/\/centro.interamerican.hu\/es\/wp-json\/wp\/v2\/comments?post=458"}],"version-history":[{"count":1,"href":"https:\/\/centro.interamerican.hu\/es\/wp-json\/wp\/v2\/posts\/458\/revisions"}],"predecessor-version":[{"id":460,"href":"https:\/\/centro.interamerican.hu\/es\/wp-json\/wp\/v2\/posts\/458\/revisions\/460"}],"wp:attachment":[{"href":"https:\/\/centro.interamerican.hu\/es\/wp-json\/wp\/v2\/media?parent=458"}],"wp:term":[{"taxonomy":"category","embeddable":true,"href":"https:\/\/centro.interamerican.hu\/es\/wp-json\/wp\/v2\/categories?post=458"},{"taxonomy":"post_tag","embeddable":true,"href":"https:\/\/centro.interamerican.hu\/es\/wp-json\/wp\/v2\/tags?post=458"}],"curies":[{"name":"wp","href":"https:\/\/api.w.org\/{rel}","templated":true}]}}